{"id":1812,"date":"2021-07-03T16:00:32","date_gmt":"2021-07-03T14:00:32","guid":{"rendered":"https:\/\/www.elyseemontmartre.com\/copie-de-le-defile-des-50-ans-de-paul-smith-2\/"},"modified":"2023-12-29T12:40:33","modified_gmt":"2023-12-29T11:40:33","slug":"defile-comme-des-garcons","status":"publish","type":"post","link":"https:\/\/www.elyseemontmartre.com\/fr\/defile-comme-des-garcons\/","title":{"rendered":"D\u00e9fil\u00e9 Comme des Gar\u00e7ons"},"content":{"rendered":"","protected":false},"excerpt":{"rendered":"","protected":false},"author":5,"featured_media":1815,"comment_status":"closed","ping_status":"closed","sticky":false,"template":"","format":"standard","meta":{"_acf_changed":false,"footnotes":""},"categories":[22,13],"class_list":["post-1812","post","type-post","status-publish","format-standard","has-post-thumbnail","hentry","category-evenement","category-flashback"],"acf":[],"yoast_head":"<!-- This site is optimized with the Yoast SEO plugin v26.7 - https:\/\/yoast.com\/wordpress\/plugins\/seo\/ -->\n<title>D\u00e9fil\u00e9 Comme des Gar\u00e7ons - Elys\u00e9e Montmartre<\/title>\n<meta name=\"robots\" content=\"index, follow, max-snippet:-1, max-image-preview:large, max-video-preview:-1\" \/>\n<link rel=\"canonical\" href=\"https:\/\/www.elyseemontmartre.com\/fr\/defile-comme-des-garcons\/\" \/>\n<meta property=\"og:locale\" content=\"fr_FR\" \/>\n<meta property=\"og:type\" content=\"article\" \/>\n<meta property=\"og:title\" content=\"D\u00e9fil\u00e9 Comme des Gar\u00e7ons - Elys\u00e9e Montmartre\" \/>\n<meta property=\"og:url\" content=\"https:\/\/www.elyseemontmartre.com\/fr\/defile-comme-des-garcons\/\" \/>\n<meta property=\"og:site_name\" content=\"Elys\u00e9e Montmartre\" \/>\n<meta property=\"article:published_time\" content=\"2021-07-03T14:00:32+00:00\" \/>\n<meta property=\"article:modified_time\" content=\"2023-12-29T11:40:33+00:00\" \/>\n<meta property=\"og:image\" content=\"https:\/\/www.elyseemontmartre.com\/wp-content\/uploads\/sites\/2\/comme-des-garcons-3.jpg\" \/>\n\t<meta property=\"og:image:width\" content=\"800\" \/>\n\t<meta property=\"og:image:height\" content=\"533\" \/>\n\t<meta property=\"og:image:type\" content=\"image\/jpeg\" \/>\n<meta name=\"author\" content=\"temraphael\" \/>\n<meta name=\"twitter:card\" content=\"summary_large_image\" \/>\n<meta name=\"twitter:label1\" content=\"\u00c9crit par\" \/>\n\t<meta name=\"twitter:data1\" content=\"temraphael\" \/>\n<script type=\"application\/ld+json\" class=\"yoast-schema-graph\">{\"@context\":\"https:\/\/schema.org\",\"@graph\":[{\"@type\":\"Article\",\"@id\":\"https:\/\/www.elyseemontmartre.com\/fr\/defile-comme-des-garcons\/#article\",\"isPartOf\":{\"@id\":\"https:\/\/www.elyseemontmartre.com\/fr\/defile-comme-des-garcons\/\"},\"author\":{\"name\":\"temraphael\",\"@id\":\"https:\/\/www.elyseemontmartre.com\/fr\/#\/schema\/person\/ff403688919ab0652ad1d7985beffd8d\"},\"headline\":\"D\u00e9fil\u00e9 Comme des Gar\u00e7ons\",\"datePublished\":\"2021-07-03T14:00:32+00:00\",\"dateModified\":\"2023-12-29T11:40:33+00:00\",\"mainEntityOfPage\":{\"@id\":\"https:\/\/www.elyseemontmartre.com\/fr\/defile-comme-des-garcons\/\"},\"wordCount\":6,\"publisher\":{\"@id\":\"https:\/\/www.elyseemontmartre.com\/fr\/#organization\"},\"image\":{\"@id\":\"https:\/\/www.elyseemontmartre.com\/fr\/defile-comme-des-garcons\/#primaryimage\"},\"thumbnailUrl\":\"https:\/\/www.elyseemontmartre.com\/wp-content\/uploads\/sites\/2\/comme-des-garcons-3.jpg\",\"articleSection\":[\"Ev\u00e8nement\",\"Flashback\"],\"inLanguage\":\"fr-FR\"},{\"@type\":\"WebPage\",\"@id\":\"https:\/\/www.elyseemontmartre.com\/fr\/defile-comme-des-garcons\/\",\"url\":\"https:\/\/www.elyseemontmartre.com\/fr\/defile-comme-des-garcons\/\",\"name\":\"D\u00e9fil\u00e9 Comme des Gar\u00e7ons - Elys\u00e9e Montmartre\",\"isPartOf\":{\"@id\":\"https:\/\/www.elyseemontmartre.com\/fr\/#website\"},\"primaryImageOfPage\":{\"@id\":\"https:\/\/www.elyseemontmartre.com\/fr\/defile-comme-des-garcons\/#primaryimage\"},\"image\":{\"@id\":\"https:\/\/www.elyseemontmartre.com\/fr\/defile-comme-des-garcons\/#primaryimage\"},\"thumbnailUrl\":\"https:\/\/www.elyseemontmartre.com\/wp-content\/uploads\/sites\/2\/comme-des-garcons-3.jpg\",\"datePublished\":\"2021-07-03T14:00:32+00:00\",\"dateModified\":\"2023-12-29T11:40:33+00:00\",\"breadcrumb\":{\"@id\":\"https:\/\/www.elyseemontmartre.com\/fr\/defile-comme-des-garcons\/#breadcrumb\"},\"inLanguage\":\"fr-FR\",\"potentialAction\":[{\"@type\":\"ReadAction\",\"target\":[\"https:\/\/www.elyseemontmartre.com\/fr\/defile-comme-des-garcons\/\"]}]},{\"@type\":\"ImageObject\",\"inLanguage\":\"fr-FR\",\"@id\":\"https:\/\/www.elyseemontmartre.com\/fr\/defile-comme-des-garcons\/#primaryimage\",\"url\":\"https:\/\/www.elyseemontmartre.com\/wp-content\/uploads\/sites\/2\/comme-des-garcons-3.jpg\",\"contentUrl\":\"https:\/\/www.elyseemontmartre.com\/wp-content\/uploads\/sites\/2\/comme-des-garcons-3.jpg\",\"width\":800,\"height\":533},{\"@type\":\"BreadcrumbList\",\"@id\":\"https:\/\/www.elyseemontmartre.com\/fr\/defile-comme-des-garcons\/#breadcrumb\",\"itemListElement\":[{\"@type\":\"ListItem\",\"position\":1,\"name\":\"Accueil\",\"item\":\"https:\/\/www.elyseemontmartre.com\/fr\/\"},{\"@type\":\"ListItem\",\"position\":2,\"name\":\"D\u00e9fil\u00e9 Comme des Gar\u00e7ons\"}]},{\"@type\":\"WebSite\",\"@id\":\"https:\/\/www.elyseemontmartre.com\/fr\/#website\",\"url\":\"https:\/\/www.elyseemontmartre.com\/fr\/\",\"name\":\"Elys\u00e9e Montmartre\",\"description\":\"\",\"publisher\":{\"@id\":\"https:\/\/www.elyseemontmartre.com\/fr\/#organization\"},\"potentialAction\":[{\"@type\":\"SearchAction\",\"target\":{\"@type\":\"EntryPoint\",\"urlTemplate\":\"https:\/\/www.elyseemontmartre.com\/fr\/?s={search_term_string}\"},\"query-input\":{\"@type\":\"PropertyValueSpecification\",\"valueRequired\":true,\"valueName\":\"search_term_string\"}}],\"inLanguage\":\"fr-FR\"},{\"@type\":\"Organization\",\"@id\":\"https:\/\/www.elyseemontmartre.com\/fr\/#organization\",\"name\":\"Elys\u00e9e Montmartre\",\"url\":\"https:\/\/www.elyseemontmartre.com\/fr\/\",\"logo\":{\"@type\":\"ImageObject\",\"inLanguage\":\"fr-FR\",\"@id\":\"https:\/\/www.elyseemontmartre.com\/fr\/#\/schema\/logo\/image\/\",\"url\":\"https:\/\/www.elyseemontmartre.com\/wp-content\/uploads\/sites\/2\/logo-em.svg\",\"contentUrl\":\"https:\/\/www.elyseemontmartre.com\/wp-content\/uploads\/sites\/2\/logo-em.svg\",\"caption\":\"Elys\u00e9e Montmartre\"},\"image\":{\"@id\":\"https:\/\/www.elyseemontmartre.com\/fr\/#\/schema\/logo\/image\/\"}},{\"@type\":\"Person\",\"@id\":\"https:\/\/www.elyseemontmartre.com\/fr\/#\/schema\/person\/ff403688919ab0652ad1d7985beffd8d\",\"name\":\"temraphael\",\"image\":{\"@type\":\"ImageObject\",\"inLanguage\":\"fr-FR\",\"@id\":\"https:\/\/www.elyseemontmartre.com\/fr\/#\/schema\/person\/image\/\",\"url\":\"https:\/\/secure.gravatar.com\/avatar\/133a4b8666c5ac92f9f2bde62c5dd4d5dfb18c3bfbec86d32bc65095d13e1f76?s=96&d=mm&r=g\",\"contentUrl\":\"https:\/\/secure.gravatar.com\/avatar\/133a4b8666c5ac92f9f2bde62c5dd4d5dfb18c3bfbec86d32bc65095d13e1f76?s=96&d=mm&r=g\",\"caption\":\"temraphael\"},\"url\":\"https:\/\/www.elyseemontmartre.com\/fr\/author\/raphael_trianon_599f1a52\/\"}]}<\/script>\n<!-- \/ Yoast SEO plugin. -->","yoast_head_json":{"title":"D\u00e9fil\u00e9 Comme des Gar\u00e7ons - Elys\u00e9e Montmartre","robots":{"index":"index","follow":"follow","max-snippet":"max-snippet:-1","max-image-preview":"max-image-preview:large","max-video-preview":"max-video-preview:-1"},"canonical":"https:\/\/www.elyseemontmartre.com\/fr\/defile-comme-des-garcons\/","og_locale":"fr_FR","og_type":"article","og_title":"D\u00e9fil\u00e9 Comme des Gar\u00e7ons - Elys\u00e9e Montmartre","og_url":"https:\/\/www.elyseemontmartre.com\/fr\/defile-comme-des-garcons\/","og_site_name":"Elys\u00e9e Montmartre","article_published_time":"2021-07-03T14:00:32+00:00","article_modified_time":"2023-12-29T11:40:33+00:00","og_image":[{"width":800,"height":533,"url":"https:\/\/www.elyseemontmartre.com\/wp-content\/uploads\/sites\/2\/comme-des-garcons-3.jpg","type":"image\/jpeg"}],"author":"temraphael","twitter_card":"summary_large_image","twitter_misc":{"\u00c9crit par":"temraphael"},"schema":{"@context":"https:\/\/schema.org","@graph":[{"@type":"Article","@id":"https:\/\/www.elyseemontmartre.com\/fr\/defile-comme-des-garcons\/#article","isPartOf":{"@id":"https:\/\/www.elyseemontmartre.com\/fr\/defile-comme-des-garcons\/"},"author":{"name":"temraphael","@id":"https:\/\/www.elyseemontmartre.com\/fr\/#\/schema\/person\/ff403688919ab0652ad1d7985beffd8d"},"headline":"D\u00e9fil\u00e9 Comme des Gar\u00e7ons","datePublished":"2021-07-03T14:00:32+00:00","dateModified":"2023-12-29T11:40:33+00:00","mainEntityOfPage":{"@id":"https:\/\/www.elyseemontmartre.com\/fr\/defile-comme-des-garcons\/"},"wordCount":6,"publisher":{"@id":"https:\/\/www.elyseemontmartre.com\/fr\/#organization"},"image":{"@id":"https:\/\/www.elyseemontmartre.com\/fr\/defile-comme-des-garcons\/#primaryimage"},"thumbnailUrl":"https:\/\/www.elyseemontmartre.com\/wp-content\/uploads\/sites\/2\/comme-des-garcons-3.jpg","articleSection":["Ev\u00e8nement","Flashback"],"inLanguage":"fr-FR"},{"@type":"WebPage","@id":"https:\/\/www.elyseemontmartre.com\/fr\/defile-comme-des-garcons\/","url":"https:\/\/www.elyseemontmartre.com\/fr\/defile-comme-des-garcons\/","name":"D\u00e9fil\u00e9 Comme des Gar\u00e7ons - Elys\u00e9e Montmartre","isPartOf":{"@id":"https:\/\/www.elyseemontmartre.com\/fr\/#website"},"primaryImageOfPage":{"@id":"https:\/\/www.elyseemontmartre.com\/fr\/defile-comme-des-garcons\/#primaryimage"},"image":{"@id":"https:\/\/www.elyseemontmartre.com\/fr\/defile-comme-des-garcons\/#primaryimage"},"thumbnailUrl":"https:\/\/www.elyseemontmartre.com\/wp-content\/uploads\/sites\/2\/comme-des-garcons-3.jpg","datePublished":"2021-07-03T14:00:32+00:00","dateModified":"2023-12-29T11:40:33+00:00","breadcrumb":{"@id":"https:\/\/www.elyseemontmartre.com\/fr\/defile-comme-des-garcons\/#breadcrumb"},"inLanguage":"fr-FR","potentialAction":[{"@type":"ReadAction","target":["https:\/\/www.elyseemontmartre.com\/fr\/defile-comme-des-garcons\/"]}]},{"@type":"ImageObject","inLanguage":"fr-FR","@id":"https:\/\/www.elyseemontmartre.com\/fr\/defile-comme-des-garcons\/#primaryimage","url":"https:\/\/www.elyseemontmartre.com\/wp-content\/uploads\/sites\/2\/comme-des-garcons-3.jpg","contentUrl":"https:\/\/www.elyseemontmartre.com\/wp-content\/uploads\/sites\/2\/comme-des-garcons-3.jpg","width":800,"height":533},{"@type":"BreadcrumbList","@id":"https:\/\/www.elyseemontmartre.com\/fr\/defile-comme-des-garcons\/#breadcrumb","itemListElement":[{"@type":"ListItem","position":1,"name":"Accueil","item":"https:\/\/www.elyseemontmartre.com\/fr\/"},{"@type":"ListItem","position":2,"name":"D\u00e9fil\u00e9 Comme des Gar\u00e7ons"}]},{"@type":"WebSite","@id":"https:\/\/www.elyseemontmartre.com\/fr\/#website","url":"https:\/\/www.elyseemontmartre.com\/fr\/","name":"Elys\u00e9e Montmartre","description":"","publisher":{"@id":"https:\/\/www.elyseemontmartre.com\/fr\/#organization"},"potentialAction":[{"@type":"SearchAction","target":{"@type":"EntryPoint","urlTemplate":"https:\/\/www.elyseemontmartre.com\/fr\/?s={search_term_string}"},"query-input":{"@type":"PropertyValueSpecification","valueRequired":true,"valueName":"search_term_string"}}],"inLanguage":"fr-FR"},{"@type":"Organization","@id":"https:\/\/www.elyseemontmartre.com\/fr\/#organization","name":"Elys\u00e9e Montmartre","url":"https:\/\/www.elyseemontmartre.com\/fr\/","logo":{"@type":"ImageObject","inLanguage":"fr-FR","@id":"https:\/\/www.elyseemontmartre.com\/fr\/#\/schema\/logo\/image\/","url":"https:\/\/www.elyseemontmartre.com\/wp-content\/uploads\/sites\/2\/logo-em.svg","contentUrl":"https:\/\/www.elyseemontmartre.com\/wp-content\/uploads\/sites\/2\/logo-em.svg","caption":"Elys\u00e9e Montmartre"},"image":{"@id":"https:\/\/www.elyseemontmartre.com\/fr\/#\/schema\/logo\/image\/"}},{"@type":"Person","@id":"https:\/\/www.elyseemontmartre.com\/fr\/#\/schema\/person\/ff403688919ab0652ad1d7985beffd8d","name":"temraphael","image":{"@type":"ImageObject","inLanguage":"fr-FR","@id":"https:\/\/www.elyseemontmartre.com\/fr\/#\/schema\/person\/image\/","url":"https:\/\/secure.gravatar.com\/avatar\/133a4b8666c5ac92f9f2bde62c5dd4d5dfb18c3bfbec86d32bc65095d13e1f76?s=96&d=mm&r=g","contentUrl":"https:\/\/secure.gravatar.com\/avatar\/133a4b8666c5ac92f9f2bde62c5dd4d5dfb18c3bfbec86d32bc65095d13e1f76?s=96&d=mm&r=g","caption":"temraphael"},"url":"https:\/\/www.elyseemontmartre.com\/fr\/author\/raphael_trianon_599f1a52\/"}]}},"_links":{"self":[{"href":"https:\/\/www.elyseemontmartre.com\/fr\/wp-json\/wp\/v2\/posts\/1812","targetHints":{"allow":["GET"]}}],"collection":[{"href":"https:\/\/www.elyseemontmartre.com\/fr\/wp-json\/wp\/v2\/posts"}],"about":[{"href":"https:\/\/www.elyseemontmartre.com\/fr\/wp-json\/wp\/v2\/types\/post"}],"author":[{"embeddable":true,"href":"https:\/\/www.elyseemontmartre.com\/fr\/wp-json\/wp\/v2\/users\/5"}],"replies":[{"embeddable":true,"href":"https:\/\/www.elyseemontmartre.com\/fr\/wp-json\/wp\/v2\/comments?post=1812"}],"version-history":[{"count":1,"href":"https:\/\/www.elyseemontmartre.com\/fr\/wp-json\/wp\/v2\/posts\/1812\/revisions"}],"predecessor-version":[{"id":1821,"href":"https:\/\/www.elyseemontmartre.com\/fr\/wp-json\/wp\/v2\/posts\/1812\/revisions\/1821"}],"wp:featuredmedia":[{"embeddable":true,"href":"https:\/\/www.elyseemontmartre.com\/fr\/wp-json\/wp\/v2\/media\/1815"}],"wp:attachment":[{"href":"https:\/\/www.elyseemontmartre.com\/fr\/wp-json\/wp\/v2\/media?parent=1812"}],"wp:term":[{"taxonomy":"category","embeddable":true,"href":"https:\/\/www.elyseemontmartre.com\/fr\/wp-json\/wp\/v2\/categories?post=1812"}],"curies":[{"name":"wp","href":"https:\/\/api.w.org\/{rel}","templated":true}]}}